{"id":3148,"date":"2025-02-24T16:15:00","date_gmt":"2025-02-24T15:15:00","guid":{"rendered":"https:\/\/silesvachesavaientdesailes.org\/?p=3148"},"modified":"2025-02-24T16:15:11","modified_gmt":"2025-02-24T15:15:11","slug":"frederic-bobin-14-fevrier-2025-2","status":"publish","type":"post","link":"https:\/\/silesvachesavaientdesailes.org\/index.php\/2025\/02\/24\/frederic-bobin-14-fevrier-2025-2\/","title":{"rendered":"Fr\u00e9d\u00e9ric Bobin &#8211; 14 F\u00e9vrier 2025"},"content":{"rendered":"\n<p><img decoding=\"async\" class=\"lazyload\" height=\"16\" width=\"16\" src=\"data:image\/gif;base64,R0lGODlhAQABAIAAAAAAAP\/\/\/yH5BAEAAAAALAAAAAABAAEAAAIBRAA7\" data-src=\"https:\/\/static.xx.fbcdn.net\/images\/emoji.php\/v9\/t5d\/3\/16\/1f3b6.png\" alt=\"\ud83c\udfb6\"><noscript><img decoding=\"async\" class=\"lazyload\" height=\"16\" width=\"16\" src=\"https:\/\/static.xx.fbcdn.net\/images\/emoji.php\/v9\/t5d\/3\/16\/1f3b6.png\" alt=\"\ud83c\udfb6\"><\/noscript>Ce si\u00e8cle \u00e0 25 ans <img decoding=\"async\" class=\"lazyload\" height=\"16\" width=\"16\" src=\"data:image\/gif;base64,R0lGODlhAQABAIAAAAAAAP\/\/\/yH5BAEAAAAALAAAAAABAAEAAAIBRAA7\" data-src=\"https:\/\/static.xx.fbcdn.net\/images\/emoji.php\/v9\/t5d\/3\/16\/1f3b6.png\" alt=\"\ud83c\udfb6\"><noscript><img decoding=\"async\" class=\"lazyload\" height=\"16\" width=\"16\" src=\"https:\/\/static.xx.fbcdn.net\/images\/emoji.php\/v9\/t5d\/3\/16\/1f3b6.png\" alt=\"\ud83c\udfb6\"><\/noscript>, ce si\u00e8cle \u00e0 25 ans <img decoding=\"async\" class=\"lazyload\" height=\"16\" width=\"16\" src=\"data:image\/gif;base64,R0lGODlhAQABAIAAAAAAAP\/\/\/yH5BAEAAAAALAAAAAABAAEAAAIBRAA7\" data-src=\"https:\/\/static.xx.fbcdn.net\/images\/emoji.php\/v9\/t5d\/3\/16\/1f3b6.png\" alt=\"\ud83c\udfb6\"><noscript><img decoding=\"async\" class=\"lazyload\" height=\"16\" width=\"16\" src=\"https:\/\/static.xx.fbcdn.net\/images\/emoji.php\/v9\/t5d\/3\/16\/1f3b6.png\" alt=\"\ud83c\udfb6\"><\/noscript>, c&rsquo;\u00e9tait pour la St Valentin Souviens toi ,c&rsquo;\u00e9tait la venue de <a href=\"https:\/\/www.facebook.com\/fredericbobinofficiel?__cft__[0]=AZUZuH_c-FWr_ZViaUywngpD7_W2JzzIqQeUIeELHqKpoYXyC2uNaCrwclS-lm7gzM7qkoAq_UFB23hFa_LjTX62MgC5kYEHV_x1AVerNmX_t5iMSI-__3GtmNJDKTt8wqqrQY8tZpqTEFBWUJLC13T5wXroqh8bU_LT1LuIxw0BLvrHVs0UkBuqNDDmU9UKQIQ&amp;__tn__=-]K-R\">Fr\u00e9d\u00e9ric BOBIN<\/a> Oui souviens toi que les fleurs se jettent sur la sc\u00e8ne &#8230;.<\/p>\n\n\n\n<figure class=\"wp-block-embed is-type-video is-provider-youtube wp-block-embed-youtube wp-embed-aspect-16-9 wp-has-aspect-ratio\"><div class=\"wp-block-embed__wrapper\">\n<iframe class=\"lazyload\" title=\"Fr\u00e9d\u00e9ric Bobin le 14\/02\/25 \u00e0 Si les vaches avaient des ailes\" width=\"1080\" height=\"608\" data-src=\"https:\/\/www.youtube.com\/embed\/DAGcKD4cvBM?feature=oembed\"  allow=\"accelerometer; autoplay; clipboard-write; encrypted-media; gyroscope; picture-in-picture; web-share\" referrerpolicy=\"strict-origin-when-cross-origin\" allowfullscreen><\/iframe>\n<\/div><\/figure>\n\n\n\n<p><\/p>\n","protected":false},"excerpt":{"rendered":"<p>Ce si\u00e8cle \u00e0 25 ans , ce si\u00e8cle \u00e0 25 ans , c&rsquo;\u00e9tait pour la St Valentin Souviens toi ,c&rsquo;\u00e9tait la venue de Fr\u00e9d\u00e9ric BOBIN Oui souviens toi que les fleurs se jettent sur la sc\u00e8ne &#8230;.<\/p>\n","protected":false},"author":2,"featured_media":0,"comment_status":"closed","ping_status":"closed","sticky":false,"template":"","format":"video","meta":{"_et_pb_use_builder":"off","_et_pb_old_content":"","_et_gb_content_width":"","footnotes":""},"categories":[67,2],"tags":[],"class_list":["post-3148","post","type-post","status-publish","format-video","hentry","category-archive_videos","category-concert","post_format-post-format-video"],"_links":{"self":[{"href":"https:\/\/silesvachesavaientdesailes.org\/index.php\/wp-json\/wp\/v2\/posts\/3148","targetHints":{"allow":["GET"]}}],"collection":[{"href":"https:\/\/silesvachesavaientdesailes.org\/index.php\/wp-json\/wp\/v2\/posts"}],"about":[{"href":"https:\/\/silesvachesavaientdesailes.org\/index.php\/wp-json\/wp\/v2\/types\/post"}],"author":[{"embeddable":true,"href":"https:\/\/silesvachesavaientdesailes.org\/index.php\/wp-json\/wp\/v2\/users\/2"}],"replies":[{"embeddable":true,"href":"https:\/\/silesvachesavaientdesailes.org\/index.php\/wp-json\/wp\/v2\/comments?post=3148"}],"version-history":[{"count":1,"href":"https:\/\/silesvachesavaientdesailes.org\/index.php\/wp-json\/wp\/v2\/posts\/3148\/revisions"}],"predecessor-version":[{"id":3149,"href":"https:\/\/silesvachesavaientdesailes.org\/index.php\/wp-json\/wp\/v2\/posts\/3148\/revisions\/3149"}],"wp:attachment":[{"href":"https:\/\/silesvachesavaientdesailes.org\/index.php\/wp-json\/wp\/v2\/media?parent=3148"}],"wp:term":[{"taxonomy":"category","embeddable":true,"href":"https:\/\/silesvachesavaientdesailes.org\/index.php\/wp-json\/wp\/v2\/categories?post=3148"},{"taxonomy":"post_tag","embeddable":true,"href":"https:\/\/silesvachesavaientdesailes.org\/index.php\/wp-json\/wp\/v2\/tags?post=3148"}],"curies":[{"name":"wp","href":"https:\/\/api.w.org\/{rel}","templated":true}]}}